{"id":34,"date":"2015-08-08T22:51:52","date_gmt":"2015-08-08T21:51:52","guid":{"rendered":"http:\/\/samverlen.free.fr\/fabriktachanson\/?p=34"},"modified":"2018-08-18T22:07:58","modified_gmt":"2018-08-18T20:07:58","slug":"atelier-a-fougeres","status":"publish","type":"post","link":"http:\/\/fabriktachanson.samverlen.com\/index.php\/2015\/08\/08\/atelier-a-fougeres\/","title":{"rendered":"Atelier \u00e0 Foug\u00e8res"},"content":{"rendered":"<p>A l&rsquo;invitation du lyc\u00e9e Jean Gu\u00e9h\u00e9nno de Foug\u00e8res (et par l&rsquo;interm\u00e9diaire du <a title=\"Le coquelicot\" href=\"http:\/\/le-coquelicot.fr\/sam-verlen-jeudi-05-fvrier\/\" target=\"_blank\" rel=\"noopener\">caf\u00e9\/concert le Coquelicot<\/a> o\u00f9 l&rsquo;on se joue le concert \u00ab\u00a0Divagations\u00a0\u00bb le 5 F\u00e9vrier prochain), je suis venu mettre en musique et enregistrer deux textes de chansons avec des \u00e9l\u00e8ves de 2ndes (g\u00e9n\u00e9rale et Pro) dans le cadre de l&rsquo;Accompagnement Personnalis\u00e9.<\/p>\n<p>Le contexte \u00e9tait diff\u00e9rent des ateliers habituels: les textes avait d\u00e9j\u00e0 \u00e9t\u00e9 \u00e9crit coll\u00e9gialement avec leurs professeurs et sur des th\u00e8mes pr\u00e9cis, j&rsquo;\u00e9tais donc sans Christos (mon comp\u00e8re de plume) et je devais les aider \u00e0 transformer leurs textes en chansons et \u00e0 les enregistrer ! En plus, c&rsquo;\u00e9tait mon crash test (premi\u00e8re fois pour moi) avec des lyc\u00e9en(e)s mais tout le monde est revenu indemne et m\u00eame heureux de l&rsquo;exp\u00e9rience !<\/p>\n<p>Lors du premier atelier, on a pas mal discut\u00e9 de leurs textes (\u00e0 \u00e9couter ci-dessous, \u00e7a vaut le coup), comment ils l&rsquo;avaient fabriqu\u00e9\/imagin\u00e9 et le propos sous-jacent.<br \/>\n\u00ab\u00a0L&rsquo;amalgame\u00a0\u00bb, contre toute attente, n&rsquo;est pas un texte pr\u00e9monitoire (il a \u00e9t\u00e9 \u00e9crit en Novembre dernier): il a \u00e9t\u00e9 construit \u00e0 partir de mots impos\u00e9s pour le concours <a title=\"10\" href=\"http:\/\/www.dismoidixmots.culture.fr\/\" target=\"_blank\" rel=\"noopener\">dis moi dix mots<\/a> et en d\u00e9veloppant un aspect caract\u00e9risant l&rsquo;adolescence et commen\u00e7ant par la phrase \u00ab\u00a0Adolescent, je me sens&#8230;\u00a0\u00bb.<br \/>\n\u00ab\u00a0L&rsquo;invitation au voyage\u00a0\u00bb a \u00e9t\u00e9 \u00e9crite suite \u00e0 des \u00e9tudes de textes de po\u00e9sie d&rsquo;auteur \u00ab\u00a0classiques\u00a0\u00bb et est la synth\u00e8se d&rsquo;extraits de po\u00e9sie \u00e9crit par chaque \u00e9l\u00e8ve sur ce que leur \u00e9voquait le voyage (cr\u00e9\u00e9e pour certain(e)s en \u00e9criture automatique).<\/p>\n<p>Suite \u00e0 nos discussions, je leur ai propos\u00e9 des embryons de musiques susceptible de coller avec leurs mots, ils ont choisi l&rsquo;une d&rsquo;entre elles et m&rsquo;ont donn\u00e9 des pistes pour les arrangements (en fonction de ce qui leur plaisait: plut\u00f4t rock \u00e9lectro pour l&rsquo;une des classes et reggae pour l&rsquo;autre classe). Et puis on a commenc\u00e9 \u00e0 enregistrer des choeurs, des claps, etc&#8230;on s&rsquo;est retrouv\u00e9 ainsi trois semaines d&rsquo;affil\u00e9 pour enregistrer toutes leurs voix. On \u00e9tait un peu juste en temps car les classes \u00e9taient \u00ab\u00a0nombreuses\u00a0\u00bb (une des deux classes comptait 36 \u00e9l\u00e8ves). Et bizarrement, le lyc\u00e9en (la lyc\u00e9enne aussi) a parfois un peu de mal \u00e0 se l\u00e2cher face au regards des autres (le sentiment de surpuissance serait-il une l\u00e9gende ?). J&rsquo;ai donc fini par enregistrer chacun(e) en individuel avec moi dans le mini-studio d&rsquo;enregistrement mobile que j&rsquo;avais am\u00e9nag\u00e9 dans leur salle de communication.<\/p>\n<p>Je suis tr\u00e8s fier d&rsquo;eux car ils se sont tous impliqu\u00e9s une fois devant le micro m\u00eame quand ils entraient dans la pi\u00e8ce d&rsquo;enregistrement un peu \u00e0 reculons. Et le rendu en t\u00e9moigne, m\u00eame s&rsquo;il est bien entendu perfectible (comme d&rsquo;hab, j\u2019ai pris le parti de ne rien gommer\/trafiquer, c\u2019est du 100% bio et naturel). Sur cet atelier, j&rsquo;ai aussi test\u00e9 un peu de slam\/texte d\u00e9clam\u00e9 pour celles &amp; ceux qui pr\u00e9f\u00e9raient ne pas chanter. Ce m\u00e9lange est sympa je trouve, je crois que je testerai ce genre de choses aussi sur mes prochaines chansons&#8230;<\/p>\n<p style=\"text-align: center;\">Les deux chansons r\u00e9alis\u00e9es, les voici :<br \/>\n<iframe width=\"100%\" height=\"450\" scrolling=\"no\" frameborder=\"no\" src=\"https:\/\/w.soundcloud.com\/player?url=https%3A%2F%2Fsoundcloud.com%2Fuser-491765226-130909389%2Fsets%2Fateliers-chanson-a-fougeres&visual=true\"><\/iframe>\n<p><img loading=\"lazy\" class=\"alignnone size-full wp-image-313\" src=\"http:\/\/fabriktachanson.samverlen.com\/wp-content\/uploads\/2015\/08\/ArticleFougeresAtelier20151.jpg\" alt=\"\" width=\"1446\" height=\"1084\" srcset=\"http:\/\/fabriktachanson.samverlen.com\/wp-content\/uploads\/2015\/08\/ArticleFougeresAtelier20151.jpg 1446w, http:\/\/fabriktachanson.samverlen.com\/wp-content\/uploads\/2015\/08\/ArticleFougeresAtelier20151-300x225.jpg 300w, http:\/\/fabriktachanson.samverlen.com\/wp-content\/uploads\/2015\/08\/ArticleFougeresAtelier20151-768x576.jpg 768w, http:\/\/fabriktachanson.samverlen.com\/wp-content\/uploads\/2015\/08\/ArticleFougeresAtelier20151-1024x768.jpg 1024w\" sizes=\"(max-width: 1446px) 100vw, 1446px\" \/><\/p>\n<p>Lien sur le site du Lyc\u00e9e : <a href=\"http:\/\/www.citescolairejeanguehenno-fougeres.ac-rennes.fr\/spip.php?article394\" target=\"_blank\" rel=\"noopener\">http:\/\/www.citescolairejeanguehenno-fougeres.ac-rennes.fr\/spip.php?article394<\/a><\/p>\n<p>&nbsp;<\/p>\n<div class=\"wp-socializer wpsr-share-icons \" data-lg-action=\"show\" data-sm-action=\"show\" data-sm-width=\"768\" ><h3>Share and Enjoy !<\/h3><div class=\"wpsr-si-inner\"><div class=\"wpsr-counter wpsrc-sz-32px\" style=\"color:#000\"><span class=\"scount\"><span data-wpsrs=\"\" data-wpsrs-svcs=\"facebook,twitter,linkedin,pinterest,print,pdf\">0<\/span><\/span><small class=\"stext\">Shares<\/small><\/div><div class=\"socializer sr-popup sr-32px sr-circle sr-opacity sr-pad sr-count-1 sr-count-1\"><span class=\"sr-facebook\"><a rel=\"nofollow\" href=\"https:\/\/www.facebook.com\/share.php?u=\" target=\"_blank\"  title=\"Share this on Facebook\"  style=\"color: #ffffff\" ><i class=\"fab fa-facebook-f\"><\/i><span class=\"ctext\"><span data-wpsrs=\"\" data-wpsrs-svcs=\"facebook\">0<\/span><\/span><\/a><\/span>\n<span class=\"sr-twitter\"><a rel=\"nofollow\" href=\"https:\/\/twitter.com\/intent\/tweet?text=%20-%20%20\" target=\"_blank\"  title=\"Tweet this !\"  style=\"color: #ffffff\" ><i class=\"fab fa-twitter\"><\/i><\/a><\/span>\n<span class=\"sr-linkedin\"><a rel=\"nofollow\" href=\"https:\/\/www.linkedin.com\/sharing\/share-offsite\/?url=\" target=\"_blank\"  title=\"Add this to LinkedIn\"  style=\"color: #ffffff\" ><i class=\"fab fa-linkedin-in\"><\/i><\/a><\/span>\n<span class=\"sr-pinterest\"><a rel=\"nofollow\" href=\"https:\/\/www.pinterest.com\/pin\/create\/button\/?url=&amp;media=&amp;description=\" target=\"_blank\"  title=\"Submit this to Pinterest\"  style=\"color: #ffffff\" data-pin-custom=\"true\"><i class=\"fab fa-pinterest\"><\/i><span class=\"ctext\"><span data-wpsrs=\"\" data-wpsrs-svcs=\"pinterest\">0<\/span><\/span><\/a><\/span>\n<span class=\"sr-print\"><a rel=\"nofollow\" href=\"https:\/\/www.printfriendly.com\/print?url=\" target=\"_blank\"  title=\"Print this article \"  style=\"color: #ffffff\" ><i class=\"fa fa-print\"><\/i><\/a><\/span>\n<span class=\"sr-pdf\"><a rel=\"nofollow\" href=\"https:\/\/www.printfriendly.com\/print?url=\" target=\"_blank\"  title=\"Convert to PDF\"  style=\"color: #ffffff\" ><i class=\"fa fa-file-pdf\"><\/i><\/a><\/span><\/div><\/div><\/div>","protected":false},"excerpt":{"rendered":"<p>A l&rsquo;invitation du lyc\u00e9e Jean Gu\u00e9h\u00e9nno de Foug\u00e8res (et par l&rsquo;interm\u00e9diaire du caf\u00e9\/concert le Coquelicot o\u00f9 l&rsquo;on se joue le concert \u00ab\u00a0Divagations\u00a0\u00bb le 5 F\u00e9vrier prochain), je suis venu mettre [&hellip;]<\/p>\n","protected":false},"author":2,"featured_media":0,"comment_status":"open","ping_status":"open","sticky":false,"template":"","format":"standard","meta":[],"categories":[1],"tags":[],"yoast_head":"<!-- This site is optimized with the Yoast SEO plugin v15.2 - https:\/\/yoast.com\/wordpress\/plugins\/seo\/ -->\n<title>Atelier \u00e0 Foug\u00e8res - Fabrik ta chanson<\/title>\n<meta name=\"robots\" content=\"index, follow, max-snippet:-1, max-image-preview:large, max-video-preview:-1\" \/>\n<link rel=\"canonical\" href=\"http:\/\/fabriktachanson.samverlen.com\/index.php\/2015\/08\/08\/atelier-a-fougeres\/\" \/>\n<meta property=\"og:locale\" content=\"fr_FR\" \/>\n<meta property=\"og:type\" content=\"article\" \/>\n<meta property=\"og:title\" content=\"Atelier \u00e0 Foug\u00e8res - Fabrik ta chanson\" \/>\n<meta property=\"og:description\" content=\"A l&rsquo;invitation du lyc\u00e9e Jean Gu\u00e9h\u00e9nno de Foug\u00e8res (et par l&rsquo;interm\u00e9diaire du caf\u00e9\/concert le Coquelicot o\u00f9 l&rsquo;on se joue le concert \u00ab\u00a0Divagations\u00a0\u00bb le 5 F\u00e9vrier prochain), je suis venu mettre [&hellip;]\" \/>\n<meta property=\"og:url\" content=\"http:\/\/fabriktachanson.samverlen.com\/index.php\/2015\/08\/08\/atelier-a-fougeres\/\" \/>\n<meta property=\"og:site_name\" content=\"Fabrik ta chanson\" \/>\n<meta property=\"article:published_time\" content=\"2015-08-08T21:51:52+00:00\" \/>\n<meta property=\"article:modified_time\" content=\"2018-08-18T20:07:58+00:00\" \/>\n<meta property=\"og:image\" content=\"http:\/\/fabriktachanson.samverlen.com\/wp-content\/uploads\/2015\/08\/ArticleFougeresAtelier20151.jpg\" \/>\n<meta name=\"twitter:card\" content=\"summary\" \/>\n<meta name=\"twitter:label1\" value=\"\u00c9crit par\">\n\t<meta name=\"twitter:data1\" value=\"admin\">\n\t<meta name=\"twitter:label2\" value=\"Dur\u00e9e de lecture est.\">\n\t<meta name=\"twitter:data2\" value=\"2 minutes\">\n<script type=\"application\/ld+json\" class=\"yoast-schema-graph\">{\"@context\":\"https:\/\/schema.org\",\"@graph\":[{\"@type\":\"WebSite\",\"@id\":\"https:\/\/fabriktachanson.samverlen.com\/#website\",\"url\":\"https:\/\/fabriktachanson.samverlen.com\/\",\"name\":\"Fabrik ta chanson\",\"description\":\"Atelier de cr\\u00e9ation et enregistrement de chanson en une journ\\u00e9e !\",\"potentialAction\":[{\"@type\":\"SearchAction\",\"target\":\"https:\/\/fabriktachanson.samverlen.com\/?s={search_term_string}\",\"query-input\":\"required name=search_term_string\"}],\"inLanguage\":\"fr-FR\"},{\"@type\":\"ImageObject\",\"@id\":\"http:\/\/fabriktachanson.samverlen.com\/index.php\/2015\/08\/08\/atelier-a-fougeres\/#primaryimage\",\"inLanguage\":\"fr-FR\",\"url\":\"http:\/\/fabriktachanson.samverlen.com\/wp-content\/uploads\/2015\/08\/ArticleFougeresAtelier20151.jpg\",\"width\":1446,\"height\":1084},{\"@type\":\"WebPage\",\"@id\":\"http:\/\/fabriktachanson.samverlen.com\/index.php\/2015\/08\/08\/atelier-a-fougeres\/#webpage\",\"url\":\"http:\/\/fabriktachanson.samverlen.com\/index.php\/2015\/08\/08\/atelier-a-fougeres\/\",\"name\":\"Atelier \\u00e0 Foug\\u00e8res - Fabrik ta chanson\",\"isPartOf\":{\"@id\":\"https:\/\/fabriktachanson.samverlen.com\/#website\"},\"primaryImageOfPage\":{\"@id\":\"http:\/\/fabriktachanson.samverlen.com\/index.php\/2015\/08\/08\/atelier-a-fougeres\/#primaryimage\"},\"datePublished\":\"2015-08-08T21:51:52+00:00\",\"dateModified\":\"2018-08-18T20:07:58+00:00\",\"author\":{\"@id\":\"https:\/\/fabriktachanson.samverlen.com\/#\/schema\/person\/dceeebce6a475a23beb922def2288f9f\"},\"inLanguage\":\"fr-FR\",\"potentialAction\":[{\"@type\":\"ReadAction\",\"target\":[\"http:\/\/fabriktachanson.samverlen.com\/index.php\/2015\/08\/08\/atelier-a-fougeres\/\"]}]},{\"@type\":\"Person\",\"@id\":\"https:\/\/fabriktachanson.samverlen.com\/#\/schema\/person\/dceeebce6a475a23beb922def2288f9f\",\"name\":\"admin\",\"image\":{\"@type\":\"ImageObject\",\"@id\":\"https:\/\/fabriktachanson.samverlen.com\/#personlogo\",\"inLanguage\":\"fr-FR\",\"url\":\"http:\/\/0.gravatar.com\/avatar\/fbabc3910204119c1d95d310f0f8019f?s=96&d=mm&r=g\",\"caption\":\"admin\"}}]}<\/script>\n<!-- \/ Yoast SEO plugin. -->","_links":{"self":[{"href":"http:\/\/fabriktachanson.samverlen.com\/index.php\/wp-json\/wp\/v2\/posts\/34"}],"collection":[{"href":"http:\/\/fabriktachanson.samverlen.com\/index.php\/wp-json\/wp\/v2\/posts"}],"about":[{"href":"http:\/\/fabriktachanson.samverlen.com\/index.php\/wp-json\/wp\/v2\/types\/post"}],"author":[{"embeddable":true,"href":"http:\/\/fabriktachanson.samverlen.com\/index.php\/wp-json\/wp\/v2\/users\/2"}],"replies":[{"embeddable":true,"href":"http:\/\/fabriktachanson.samverlen.com\/index.php\/wp-json\/wp\/v2\/comments?post=34"}],"version-history":[{"count":2,"href":"http:\/\/fabriktachanson.samverlen.com\/index.php\/wp-json\/wp\/v2\/posts\/34\/revisions"}],"predecessor-version":[{"id":312,"href":"http:\/\/fabriktachanson.samverlen.com\/index.php\/wp-json\/wp\/v2\/posts\/34\/revisions\/312"}],"wp:attachment":[{"href":"http:\/\/fabriktachanson.samverlen.com\/index.php\/wp-json\/wp\/v2\/media?parent=34"}],"wp:term":[{"taxonomy":"category","embeddable":true,"href":"http:\/\/fabriktachanson.samverlen.com\/index.php\/wp-json\/wp\/v2\/categories?post=34"},{"taxonomy":"post_tag","embeddable":true,"href":"http:\/\/fabriktachanson.samverlen.com\/index.php\/wp-json\/wp\/v2\/tags?post=34"}],"curies":[{"name":"wp","href":"https:\/\/api.w.org\/{rel}","templated":true}]}}