{"id":36,"date":"2015-08-08T22:52:29","date_gmt":"2015-08-08T21:52:29","guid":{"rendered":"http:\/\/samverlen.free.fr\/fabriktachanson\/?p=36"},"modified":"2015-08-08T22:52:29","modified_gmt":"2015-08-08T21:52:29","slug":"atelier-en-val-de-nievre","status":"publish","type":"post","link":"http:\/\/fabriktachanson.samverlen.com\/index.php\/2015\/08\/08\/atelier-en-val-de-nievre\/","title":{"rendered":"Atelier en Val de Ni\u00e8vre"},"content":{"rendered":"<p>Avec Christos, on a pass\u00e9 quatre belles et intenses journ\u00e9es am \u00e0 fabriquer quatre chansons avec quatre classes de la <a href=\"http:\/\/www.cc-valdenievre.fr\/culture.html\" target=\"_blank\">communaut\u00e9 de commune du Val de Ni\u00e8vre<\/a> (pas loin d&rsquo;Amiens) : 4\u00e8me, CE1, et deux classes de CE2\/CM1\/CM2. On s&rsquo;est tous r\u00e9gal\u00e9 et comme d\u00e9sormais l&rsquo;atelier est plut\u00f4t bien rod\u00e9, j&rsquo;ai pu essayer de nouvelles id\u00e9es de prises de son ou de chant\/slam avec eux. Chacun de ces ateliers \u00e9tant tr\u00e8s diff\u00e9rent (dans sa musique, ses voix, son texte dans son fond et sa forme) qu&rsquo;on est \u00e0 chaque fois surpris (pour ne pas dire \u00e9bahi comme les enfants) \u00e0 la fin de la journ\u00e9e \u00e0 l&rsquo;\u00e9coute de la \u00ab\u00a0mise \u00e0 plat\u00a0\u00bb (\u00e9tape avant mixage).<\/p>\n<p>Voici quelques extraits de leurs chansons pour vous faire une id\u00e9e par vous-m\u00eame:<\/p>\n<iframe width=\"100%\" height=\"450\" scrolling=\"no\" frameborder=\"no\" src=\"https:\/\/w.soundcloud.com\/player?url=https%3A%2F%2Fapi.soundcloud.com%2Ftracks%2F203402781&visual=true&auto_play=false&hide_related=false&show_comments=true&show_user=true&show_reposts=false\"><\/iframe>\n<p>&nbsp;<\/p>\n<p>Un grand merci \u00e0 Nathalie et toute l&rsquo;\u00e9quipe des m\u00e9diath\u00e8ques et aux enseignants pour leur accueil et leur enthousiasme  !<\/p>\n<p>&nbsp;<\/p>\n<div class=\"wp-socializer wpsr-share-icons \" data-lg-action=\"show\" data-sm-action=\"show\" data-sm-width=\"768\" ><h3>Share and Enjoy !<\/h3><div class=\"wpsr-si-inner\"><div class=\"wpsr-counter wpsrc-sz-32px\" style=\"color:#000\"><span class=\"scount\"><span data-wpsrs=\"\" data-wpsrs-svcs=\"facebook,twitter,linkedin,pinterest,print,pdf\">0<\/span><\/span><small class=\"stext\">Shares<\/small><\/div><div class=\"socializer sr-popup sr-32px sr-circle sr-opacity sr-pad sr-count-1 sr-count-1\"><span class=\"sr-facebook\"><a rel=\"nofollow\" href=\"https:\/\/www.facebook.com\/share.php?u=\" target=\"_blank\"  title=\"Share this on Facebook\"  style=\"color: #ffffff\" ><i class=\"fab fa-facebook-f\"><\/i><span class=\"ctext\"><span data-wpsrs=\"\" data-wpsrs-svcs=\"facebook\">0<\/span><\/span><\/a><\/span>\n<span class=\"sr-twitter\"><a rel=\"nofollow\" href=\"https:\/\/twitter.com\/intent\/tweet?text=%20-%20%20\" target=\"_blank\"  title=\"Tweet this !\"  style=\"color: #ffffff\" ><i class=\"fab fa-twitter\"><\/i><\/a><\/span>\n<span class=\"sr-linkedin\"><a rel=\"nofollow\" href=\"https:\/\/www.linkedin.com\/sharing\/share-offsite\/?url=\" target=\"_blank\"  title=\"Add this to LinkedIn\"  style=\"color: #ffffff\" ><i class=\"fab fa-linkedin-in\"><\/i><\/a><\/span>\n<span class=\"sr-pinterest\"><a rel=\"nofollow\" href=\"https:\/\/www.pinterest.com\/pin\/create\/button\/?url=&amp;media=&amp;description=\" target=\"_blank\"  title=\"Submit this to Pinterest\"  style=\"color: #ffffff\" data-pin-custom=\"true\"><i class=\"fab fa-pinterest\"><\/i><span class=\"ctext\"><span data-wpsrs=\"\" data-wpsrs-svcs=\"pinterest\">0<\/span><\/span><\/a><\/span>\n<span class=\"sr-print\"><a rel=\"nofollow\" href=\"https:\/\/www.printfriendly.com\/print?url=\" target=\"_blank\"  title=\"Print this article \"  style=\"color: #ffffff\" ><i class=\"fa fa-print\"><\/i><\/a><\/span>\n<span class=\"sr-pdf\"><a rel=\"nofollow\" href=\"https:\/\/www.printfriendly.com\/print?url=\" target=\"_blank\"  title=\"Convert to PDF\"  style=\"color: #ffffff\" ><i class=\"fa fa-file-pdf\"><\/i><\/a><\/span><\/div><\/div><\/div>","protected":false},"excerpt":{"rendered":"<p>Avec Christos, on a pass\u00e9 quatre belles et intenses journ\u00e9es am \u00e0 fabriquer quatre chansons avec quatre classes de la communaut\u00e9 de commune du Val de Ni\u00e8vre (pas loin d&rsquo;Amiens) [&hellip;]<\/p>\n","protected":false},"author":2,"featured_media":0,"comment_status":"open","ping_status":"open","sticky":false,"template":"","format":"standard","meta":[],"categories":[1],"tags":[],"yoast_head":"<!-- This site is optimized with the Yoast SEO plugin v15.2 - https:\/\/yoast.com\/wordpress\/plugins\/seo\/ -->\n<title>Atelier en Val de Ni\u00e8vre - Fabrik ta chanson<\/title>\n<meta name=\"robots\" content=\"index, follow, max-snippet:-1, max-image-preview:large, max-video-preview:-1\" \/>\n<link rel=\"canonical\" href=\"http:\/\/fabriktachanson.samverlen.com\/index.php\/2015\/08\/08\/atelier-en-val-de-nievre\/\" \/>\n<meta property=\"og:locale\" content=\"fr_FR\" \/>\n<meta property=\"og:type\" content=\"article\" \/>\n<meta property=\"og:title\" content=\"Atelier en Val de Ni\u00e8vre - Fabrik ta chanson\" \/>\n<meta property=\"og:description\" content=\"Avec Christos, on a pass\u00e9 quatre belles et intenses journ\u00e9es am \u00e0 fabriquer quatre chansons avec quatre classes de la communaut\u00e9 de commune du Val de Ni\u00e8vre (pas loin d&rsquo;Amiens) [&hellip;]\" \/>\n<meta property=\"og:url\" content=\"http:\/\/fabriktachanson.samverlen.com\/index.php\/2015\/08\/08\/atelier-en-val-de-nievre\/\" \/>\n<meta property=\"og:site_name\" content=\"Fabrik ta chanson\" \/>\n<meta property=\"article:published_time\" content=\"2015-08-08T21:52:29+00:00\" \/>\n<meta name=\"twitter:card\" content=\"summary\" \/>\n<meta name=\"twitter:label1\" value=\"\u00c9crit par\">\n\t<meta name=\"twitter:data1\" value=\"admin\">\n\t<meta name=\"twitter:label2\" value=\"Dur\u00e9e de lecture est.\">\n\t<meta name=\"twitter:data2\" value=\"1 minute\">\n<script type=\"application\/ld+json\" class=\"yoast-schema-graph\">{\"@context\":\"https:\/\/schema.org\",\"@graph\":[{\"@type\":\"WebSite\",\"@id\":\"https:\/\/fabriktachanson.samverlen.com\/#website\",\"url\":\"https:\/\/fabriktachanson.samverlen.com\/\",\"name\":\"Fabrik ta chanson\",\"description\":\"Atelier de cr\\u00e9ation et enregistrement de chanson en une journ\\u00e9e !\",\"potentialAction\":[{\"@type\":\"SearchAction\",\"target\":\"https:\/\/fabriktachanson.samverlen.com\/?s={search_term_string}\",\"query-input\":\"required name=search_term_string\"}],\"inLanguage\":\"fr-FR\"},{\"@type\":\"WebPage\",\"@id\":\"http:\/\/fabriktachanson.samverlen.com\/index.php\/2015\/08\/08\/atelier-en-val-de-nievre\/#webpage\",\"url\":\"http:\/\/fabriktachanson.samverlen.com\/index.php\/2015\/08\/08\/atelier-en-val-de-nievre\/\",\"name\":\"Atelier en Val de Ni\\u00e8vre - Fabrik ta chanson\",\"isPartOf\":{\"@id\":\"https:\/\/fabriktachanson.samverlen.com\/#website\"},\"datePublished\":\"2015-08-08T21:52:29+00:00\",\"dateModified\":\"2015-08-08T21:52:29+00:00\",\"author\":{\"@id\":\"https:\/\/fabriktachanson.samverlen.com\/#\/schema\/person\/dceeebce6a475a23beb922def2288f9f\"},\"inLanguage\":\"fr-FR\",\"potentialAction\":[{\"@type\":\"ReadAction\",\"target\":[\"http:\/\/fabriktachanson.samverlen.com\/index.php\/2015\/08\/08\/atelier-en-val-de-nievre\/\"]}]},{\"@type\":\"Person\",\"@id\":\"https:\/\/fabriktachanson.samverlen.com\/#\/schema\/person\/dceeebce6a475a23beb922def2288f9f\",\"name\":\"admin\",\"image\":{\"@type\":\"ImageObject\",\"@id\":\"https:\/\/fabriktachanson.samverlen.com\/#personlogo\",\"inLanguage\":\"fr-FR\",\"url\":\"http:\/\/0.gravatar.com\/avatar\/fbabc3910204119c1d95d310f0f8019f?s=96&d=mm&r=g\",\"caption\":\"admin\"}}]}<\/script>\n<!-- \/ Yoast SEO plugin. -->","_links":{"self":[{"href":"http:\/\/fabriktachanson.samverlen.com\/index.php\/wp-json\/wp\/v2\/posts\/36"}],"collection":[{"href":"http:\/\/fabriktachanson.samverlen.com\/index.php\/wp-json\/wp\/v2\/posts"}],"about":[{"href":"http:\/\/fabriktachanson.samverlen.com\/index.php\/wp-json\/wp\/v2\/types\/post"}],"author":[{"embeddable":true,"href":"http:\/\/fabriktachanson.samverlen.com\/index.php\/wp-json\/wp\/v2\/users\/2"}],"replies":[{"embeddable":true,"href":"http:\/\/fabriktachanson.samverlen.com\/index.php\/wp-json\/wp\/v2\/comments?post=36"}],"version-history":[{"count":0,"href":"http:\/\/fabriktachanson.samverlen.com\/index.php\/wp-json\/wp\/v2\/posts\/36\/revisions"}],"wp:attachment":[{"href":"http:\/\/fabriktachanson.samverlen.com\/index.php\/wp-json\/wp\/v2\/media?parent=36"}],"wp:term":[{"taxonomy":"category","embeddable":true,"href":"http:\/\/fabriktachanson.samverlen.com\/index.php\/wp-json\/wp\/v2\/categories?post=36"},{"taxonomy":"post_tag","embeddable":true,"href":"http:\/\/fabriktachanson.samverlen.com\/index.php\/wp-json\/wp\/v2\/tags?post=36"}],"curies":[{"name":"wp","href":"https:\/\/api.w.org\/{rel}","templated":true}]}}