{"id":121,"date":"2017-02-08T22:22:15","date_gmt":"2017-02-08T21:22:15","guid":{"rendered":"http:\/\/samverlen.free.fr\/fabriktachanson\/?p=121"},"modified":"2017-07-07T22:48:30","modified_gmt":"2017-07-07T20:48:30","slug":"atelier-a-erce-pres-liffre","status":"publish","type":"post","link":"https:\/\/fabriktachanson.samverlen.com\/index.php\/2017\/02\/08\/atelier-a-erce-pres-liffre\/","title":{"rendered":"Atelier \u00e0 Erc\u00e9 pr\u00e8s Liffr\u00e9"},"content":{"rendered":"<p>Un <a href=\"http:\/\/www.ecoleerce.fr\/2016\/11\/classe-de-cm2-la-creation-d-une-chanson-avec-christos-et-sam-verlen.html\">joli article de la classe de CM2<\/a> avec laquelle nous avons cr\u00e9\u00e9 une chanson \u00a0en Novembre 2016\u00a0:\u00a0<a href=\"http:\/\/www.ecoleerce.fr\/2016\/11\/classe-de-cm2-la-creation-d-une-chanson-avec-christos-et-sam-verlen.html\">http:\/\/www.ecoleerce.fr\/2016\/11\/classe-de-cm2-la-creation-d-une-chanson-avec-christos-et-sam-verlen.html<\/a><\/p>\n<p>&nbsp;<\/p>\n<p>Et voici surtout une tr\u00e8s belle vid\u00e9o du spectacle \u00ab\u00a0L<span class=\"s1\">e gardien de la nuit\u00a0\u00bb jou\u00e9 par les \u00e9l\u00e8ves des classes d&rsquo;Erc\u00e9-pr\u00e8s-Liffr\u00e9 le 23 juin dernier:\u00a0<\/span><\/p>\n<p><iframe src=\"https:\/\/www.youtube.com\/embed\/1-e0Bn5c72Q\" width=\"560\" height=\"315\" frameborder=\"0\" allowfullscreen=\"allowfullscreen\"><\/iframe><\/p>\n<p><span class=\"s1\">Le spectacle d\u00e9bute par la chanson compos\u00e9e ensemble en Novembre dernier et interpr\u00e9t\u00e9e ici par des solistes et un choeur.<br \/>\nUn \u00e9norme MERCI \u00e0 Mathieu Brisson (directeur de l&rsquo;\u00e9cole) pour son enthousiasme et sa belle \u00e9nergie insuffl\u00e9e tout au long de ce projet !<\/span><span class=\"s1\"><br \/>\nUn beau souvenir pour les \u00e9l\u00e8ves et les enseignants \u00e0 n&rsquo;en point douter.<\/span><\/p>\n<p class=\"p1\"><span class=\"s1\">Bon \u00e9t\u00e9 \u00e0 vous.<\/span><\/p>\n<div class=\"wp-socializer wpsr-share-icons \" data-lg-action=\"show\" data-sm-action=\"show\" data-sm-width=\"768\" ><h3>Share and Enjoy !<\/h3><div class=\"wpsr-si-inner\"><div class=\"wpsr-counter wpsrc-sz-32px\" style=\"color:#000\"><span class=\"scount\"><span data-wpsrs=\"\" data-wpsrs-svcs=\"facebook,twitter,linkedin,pinterest,print,pdf\">0<\/span><\/span><small class=\"stext\">Shares<\/small><\/div><div class=\"socializer sr-popup sr-32px sr-circle sr-opacity sr-pad sr-count-1 sr-count-1\"><span class=\"sr-facebook\"><a rel=\"nofollow\" href=\"https:\/\/www.facebook.com\/share.php?u=\" target=\"_blank\"  title=\"Share this on Facebook\"  style=\"color: #ffffff\" ><i class=\"fab fa-facebook-f\"><\/i><span class=\"ctext\"><span data-wpsrs=\"\" data-wpsrs-svcs=\"facebook\">0<\/span><\/span><\/a><\/span>\n<span class=\"sr-twitter\"><a rel=\"nofollow\" href=\"https:\/\/twitter.com\/intent\/tweet?text=%20-%20%20\" target=\"_blank\"  title=\"Tweet this !\"  style=\"color: #ffffff\" ><i class=\"fab fa-twitter\"><\/i><\/a><\/span>\n<span class=\"sr-linkedin\"><a rel=\"nofollow\" href=\"https:\/\/www.linkedin.com\/sharing\/share-offsite\/?url=\" target=\"_blank\"  title=\"Add this to LinkedIn\"  style=\"color: #ffffff\" ><i class=\"fab fa-linkedin-in\"><\/i><\/a><\/span>\n<span class=\"sr-pinterest\"><a rel=\"nofollow\" href=\"https:\/\/www.pinterest.com\/pin\/create\/button\/?url=&amp;media=&amp;description=\" target=\"_blank\"  title=\"Submit this to Pinterest\"  style=\"color: #ffffff\" data-pin-custom=\"true\"><i class=\"fab fa-pinterest\"><\/i><span class=\"ctext\"><span data-wpsrs=\"\" data-wpsrs-svcs=\"pinterest\">0<\/span><\/span><\/a><\/span>\n<span class=\"sr-print\"><a rel=\"nofollow\" href=\"https:\/\/www.printfriendly.com\/print?url=\" target=\"_blank\"  title=\"Print this article \"  style=\"color: #ffffff\" ><i class=\"fa fa-print\"><\/i><\/a><\/span>\n<span class=\"sr-pdf\"><a rel=\"nofollow\" href=\"https:\/\/www.printfriendly.com\/print?url=\" target=\"_blank\"  title=\"Convert to PDF\"  style=\"color: #ffffff\" ><i class=\"fa fa-file-pdf\"><\/i><\/a><\/span><\/div><\/div><\/div>","protected":false},"excerpt":{"rendered":"<p>Un joli article de la classe de CM2 avec laquelle nous avons cr\u00e9\u00e9 une chanson \u00a0en Novembre 2016\u00a0:\u00a0http:\/\/www.ecoleerce.fr\/2016\/11\/classe-de-cm2-la-creation-d-une-chanson-avec-christos-et-sam-verlen.html &nbsp; Et voici surtout une tr\u00e8s belle vid\u00e9o du spectacle \u00ab\u00a0Le gardien [&hellip;]<\/p>\n","protected":false},"author":2,"featured_media":0,"comment_status":"closed","ping_status":"open","sticky":false,"template":"","format":"standard","meta":[],"categories":[1],"tags":[],"yoast_head":"<!-- This site is optimized with the Yoast SEO plugin v15.2 - https:\/\/yoast.com\/wordpress\/plugins\/seo\/ -->\n<title>Atelier \u00e0 Erc\u00e9 pr\u00e8s Liffr\u00e9 - Fabrik ta chanson<\/title>\n<meta name=\"robots\" content=\"index, follow, max-snippet:-1, max-image-preview:large, max-video-preview:-1\" \/>\n<link rel=\"canonical\" href=\"https:\/\/fabriktachanson.samverlen.com\/index.php\/2017\/02\/08\/atelier-a-erce-pres-liffre\/\" \/>\n<meta property=\"og:locale\" content=\"fr_FR\" \/>\n<meta property=\"og:type\" content=\"article\" \/>\n<meta property=\"og:title\" content=\"Atelier \u00e0 Erc\u00e9 pr\u00e8s Liffr\u00e9 - Fabrik ta chanson\" \/>\n<meta property=\"og:description\" content=\"Un joli article de la classe de CM2 avec laquelle nous avons cr\u00e9\u00e9 une chanson \u00a0en Novembre 2016\u00a0:\u00a0http:\/\/www.ecoleerce.fr\/2016\/11\/classe-de-cm2-la-creation-d-une-chanson-avec-christos-et-sam-verlen.html &nbsp; Et voici surtout une tr\u00e8s belle vid\u00e9o du spectacle \u00ab\u00a0Le gardien [&hellip;]\" \/>\n<meta property=\"og:url\" content=\"https:\/\/fabriktachanson.samverlen.com\/index.php\/2017\/02\/08\/atelier-a-erce-pres-liffre\/\" \/>\n<meta property=\"og:site_name\" content=\"Fabrik ta chanson\" \/>\n<meta property=\"article:published_time\" content=\"2017-02-08T21:22:15+00:00\" \/>\n<meta property=\"article:modified_time\" content=\"2017-07-07T20:48:30+00:00\" \/>\n<meta name=\"twitter:card\" content=\"summary\" \/>\n<meta name=\"twitter:label1\" value=\"\u00c9crit par\">\n\t<meta name=\"twitter:data1\" value=\"admin\">\n\t<meta name=\"twitter:label2\" value=\"Dur\u00e9e de lecture est.\">\n\t<meta name=\"twitter:data2\" value=\"0 minute\">\n<script type=\"application\/ld+json\" class=\"yoast-schema-graph\">{\"@context\":\"https:\/\/schema.org\",\"@graph\":[{\"@type\":\"WebSite\",\"@id\":\"https:\/\/fabriktachanson.samverlen.com\/#website\",\"url\":\"https:\/\/fabriktachanson.samverlen.com\/\",\"name\":\"Fabrik ta chanson\",\"description\":\"Atelier de cr\\u00e9ation et enregistrement de chanson en une journ\\u00e9e !\",\"potentialAction\":[{\"@type\":\"SearchAction\",\"target\":\"https:\/\/fabriktachanson.samverlen.com\/?s={search_term_string}\",\"query-input\":\"required name=search_term_string\"}],\"inLanguage\":\"fr-FR\"},{\"@type\":\"WebPage\",\"@id\":\"https:\/\/fabriktachanson.samverlen.com\/index.php\/2017\/02\/08\/atelier-a-erce-pres-liffre\/#webpage\",\"url\":\"https:\/\/fabriktachanson.samverlen.com\/index.php\/2017\/02\/08\/atelier-a-erce-pres-liffre\/\",\"name\":\"Atelier \\u00e0 Erc\\u00e9 pr\\u00e8s Liffr\\u00e9 - Fabrik ta chanson\",\"isPartOf\":{\"@id\":\"https:\/\/fabriktachanson.samverlen.com\/#website\"},\"datePublished\":\"2017-02-08T21:22:15+00:00\",\"dateModified\":\"2017-07-07T20:48:30+00:00\",\"author\":{\"@id\":\"https:\/\/fabriktachanson.samverlen.com\/#\/schema\/person\/dceeebce6a475a23beb922def2288f9f\"},\"inLanguage\":\"fr-FR\",\"potentialAction\":[{\"@type\":\"ReadAction\",\"target\":[\"https:\/\/fabriktachanson.samverlen.com\/index.php\/2017\/02\/08\/atelier-a-erce-pres-liffre\/\"]}]},{\"@type\":\"Person\",\"@id\":\"https:\/\/fabriktachanson.samverlen.com\/#\/schema\/person\/dceeebce6a475a23beb922def2288f9f\",\"name\":\"admin\",\"image\":{\"@type\":\"ImageObject\",\"@id\":\"https:\/\/fabriktachanson.samverlen.com\/#personlogo\",\"inLanguage\":\"fr-FR\",\"url\":\"https:\/\/secure.gravatar.com\/avatar\/fbabc3910204119c1d95d310f0f8019f?s=96&d=mm&r=g\",\"caption\":\"admin\"}}]}<\/script>\n<!-- \/ Yoast SEO plugin. -->","_links":{"self":[{"href":"https:\/\/fabriktachanson.samverlen.com\/index.php\/wp-json\/wp\/v2\/posts\/121"}],"collection":[{"href":"https:\/\/fabriktachanson.samverlen.com\/index.php\/wp-json\/wp\/v2\/posts"}],"about":[{"href":"https:\/\/fabriktachanson.samverlen.com\/index.php\/wp-json\/wp\/v2\/types\/post"}],"author":[{"embeddable":true,"href":"https:\/\/fabriktachanson.samverlen.com\/index.php\/wp-json\/wp\/v2\/users\/2"}],"replies":[{"embeddable":true,"href":"https:\/\/fabriktachanson.samverlen.com\/index.php\/wp-json\/wp\/v2\/comments?post=121"}],"version-history":[{"count":3,"href":"https:\/\/fabriktachanson.samverlen.com\/index.php\/wp-json\/wp\/v2\/posts\/121\/revisions"}],"predecessor-version":[{"id":201,"href":"https:\/\/fabriktachanson.samverlen.com\/index.php\/wp-json\/wp\/v2\/posts\/121\/revisions\/201"}],"wp:attachment":[{"href":"https:\/\/fabriktachanson.samverlen.com\/index.php\/wp-json\/wp\/v2\/media?parent=121"}],"wp:term":[{"taxonomy":"category","embeddable":true,"href":"https:\/\/fabriktachanson.samverlen.com\/index.php\/wp-json\/wp\/v2\/categories?post=121"},{"taxonomy":"post_tag","embeddable":true,"href":"https:\/\/fabriktachanson.samverlen.com\/index.php\/wp-json\/wp\/v2\/tags?post=121"}],"curies":[{"name":"wp","href":"https:\/\/api.w.org\/{rel}","templated":true}]}}