{"id":189,"date":"2017-06-26T18:21:23","date_gmt":"2017-06-26T16:21:23","guid":{"rendered":"http:\/\/fabriktachanson.samverlen.com\/?p=189"},"modified":"2018-06-18T13:39:33","modified_gmt":"2018-06-18T11:39:33","slug":"nouvel-atelier-bruitage-dhistoire","status":"publish","type":"post","link":"https:\/\/fabriktachanson.samverlen.com\/index.php\/2017\/06\/26\/nouvel-atelier-bruitage-dhistoire\/","title":{"rendered":"Nouvelle d\u00e9clinaison de notre atelier : le bruitage d&rsquo;histoire !"},"content":{"rendered":"<p>Dans la continuit\u00e9 de notre atelier \u00ab\u00a0Fabrik ta chanson\u00a0\u00bb, nous proposons d\u00e9sormais un atelier \u00ab\u00a0Bruitage d&rsquo;Histoire\u00a0\u00bb sur une journ\u00e9e en duo.<\/p>\n<p style=\"text-align: center;\"><big><b>IMAGINEZ UNE HISTOIRE, LA DESSINER,<br \/>\nL&rsquo;ENREGISTRER ET LA BRUITER !<\/b><\/big><\/p>\n<p style=\"text-align: center;\"><em>EN UNE JOURNEE TOP CHRONO <\/em><\/p>\n<p>Prenez part \u00e0 la cr\u00e9ation de l&rsquo;histoire, \u00e0 son illustration visuelle et sonore (bruitage r\u00e9alis\u00e9s comme au cin\u00e9ma, enregistrement du texte lu par les \u00e9l\u00e8ves, musiques de Sam Verlen enrichies &amp; adapt\u00e9es par les \u00e9l\u00e8ves).<\/p>\n<p style=\"text-align: center;\">Voici un exemple de r\u00e9alisation suite \u00e0 une journ\u00e9e d&rsquo;atelier sur le th\u00e8me du moyen-\u00e2ge avec une classe de CP\/CE1:<\/p>\n<p style=\"text-align: center;\"><iframe src=\"https:\/\/www.youtube.com\/embed\/JidE9fZ1K_I?rel=0\" width=\"560\" height=\"315\" frameborder=\"0\" allowfullscreen=\"allowfullscreen\"><\/iframe><\/p>\n<p><strong>Th\u00e8mes propos\u00e9s<\/strong> : les chevaliers (le moyen-\u00e2ge), les super-h\u00e9ros, les monstres, l&rsquo;espace. D&rsquo;autres th\u00e8mes sont possibles aussi, n&rsquo;h\u00e9sitez pas \u00e0 nous <a href=\"mailto:contact@fabriktachanson.fr\">soumettre vos id\u00e9es\/envies<\/a><\/p>\n<p><strong>Niveaux<\/strong> : de la grande section au lyc\u00e9e<\/p>\n<p><strong>Conditions\/logistique : <\/strong>n\u00e9cessite deux intervenants\u00a0(l&rsquo;auteur et le compositeur) et <strong>deux salles <\/strong>(une pour l&rsquo;\u00e9criture du texte et la cr\u00e9ation des illustrations avec l&rsquo;auteur et une pour l&rsquo;enregistrement &#8211; au calme si possible &#8211; avec le compositeur)<\/p>\n<p><strong>Travail pr\u00e9alable :<br \/>\n<\/strong>1\/ D\u00e9finir le th\u00e8me de l&rsquo;histoire et les personnages principaux.<br \/>\n2\/ D\u00e9finir deux groupes d&rsquo;\u00e9l\u00e8ves homog\u00e8ne pour l&rsquo;atelier (si double-niveau, m\u00e9langer les niveaux dans chaque groupe).<br \/>\n3\/ Invitez les enfants jouant d&rsquo;un instrument depuis au moins deux ans \u00e0 l&rsquo;amener (sauf guitare et piano).<\/p>\n<p><strong>Mat\u00e9riel \u00e0 fournir : <\/strong>Feuilles 120g (une 20aine d&rsquo;A3 et une par \u00e9l\u00e8ve en A4), ciseau, colle, feutres, crayons, ordinateur\/imprimante (pour l&rsquo;impression du texte).<\/p>\n<div class=\"wp-socializer wpsr-share-icons \" data-lg-action=\"show\" data-sm-action=\"show\" data-sm-width=\"768\" ><h3>Share and Enjoy !<\/h3><div class=\"wpsr-si-inner\"><div class=\"wpsr-counter wpsrc-sz-32px\" style=\"color:#000\"><span class=\"scount\"><span data-wpsrs=\"\" data-wpsrs-svcs=\"facebook,twitter,linkedin,pinterest,print,pdf\">0<\/span><\/span><small class=\"stext\">Shares<\/small><\/div><div class=\"socializer sr-popup sr-32px sr-circle sr-opacity sr-pad sr-count-1 sr-count-1\"><span class=\"sr-facebook\"><a rel=\"nofollow\" href=\"https:\/\/www.facebook.com\/share.php?u=\" target=\"_blank\"  title=\"Share this on Facebook\"  style=\"color: #ffffff\" ><i class=\"fab fa-facebook-f\"><\/i><span class=\"ctext\"><span data-wpsrs=\"\" data-wpsrs-svcs=\"facebook\">0<\/span><\/span><\/a><\/span>\n<span class=\"sr-twitter\"><a rel=\"nofollow\" href=\"https:\/\/twitter.com\/intent\/tweet?text=%20-%20%20\" target=\"_blank\"  title=\"Tweet this !\"  style=\"color: #ffffff\" ><i class=\"fab fa-twitter\"><\/i><\/a><\/span>\n<span class=\"sr-linkedin\"><a rel=\"nofollow\" href=\"https:\/\/www.linkedin.com\/sharing\/share-offsite\/?url=\" target=\"_blank\"  title=\"Add this to LinkedIn\"  style=\"color: #ffffff\" ><i class=\"fab fa-linkedin-in\"><\/i><\/a><\/span>\n<span class=\"sr-pinterest\"><a rel=\"nofollow\" href=\"https:\/\/www.pinterest.com\/pin\/create\/button\/?url=&amp;media=&amp;description=\" target=\"_blank\"  title=\"Submit this to Pinterest\"  style=\"color: #ffffff\" data-pin-custom=\"true\"><i class=\"fab fa-pinterest\"><\/i><span class=\"ctext\"><span data-wpsrs=\"\" data-wpsrs-svcs=\"pinterest\">0<\/span><\/span><\/a><\/span>\n<span class=\"sr-print\"><a rel=\"nofollow\" href=\"https:\/\/www.printfriendly.com\/print?url=\" target=\"_blank\"  title=\"Print this article \"  style=\"color: #ffffff\" ><i class=\"fa fa-print\"><\/i><\/a><\/span>\n<span class=\"sr-pdf\"><a rel=\"nofollow\" href=\"https:\/\/www.printfriendly.com\/print?url=\" target=\"_blank\"  title=\"Convert to PDF\"  style=\"color: #ffffff\" ><i class=\"fa fa-file-pdf\"><\/i><\/a><\/span><\/div><\/div><\/div>","protected":false},"excerpt":{"rendered":"<p>Dans la continuit\u00e9 de notre atelier \u00ab\u00a0Fabrik ta chanson\u00a0\u00bb, nous proposons d\u00e9sormais un atelier \u00ab\u00a0Bruitage d&rsquo;Histoire\u00a0\u00bb sur une journ\u00e9e en duo. IMAGINEZ UNE HISTOIRE, LA DESSINER, L&rsquo;ENREGISTRER ET LA BRUITER [&hellip;]<\/p>\n","protected":false},"author":1,"featured_media":292,"comment_status":"open","ping_status":"open","sticky":false,"template":"","format":"standard","meta":[],"categories":[1],"tags":[],"yoast_head":"<!-- This site is optimized with the Yoast SEO plugin v15.2 - https:\/\/yoast.com\/wordpress\/plugins\/seo\/ -->\n<title>Nouvelle d\u00e9clinaison de notre atelier : le bruitage d&#039;histoire ! - Fabrik ta chanson<\/title>\n<meta name=\"robots\" content=\"index, follow, max-snippet:-1, max-image-preview:large, max-video-preview:-1\" \/>\n<link rel=\"canonical\" href=\"http:\/\/fabriktachanson.samverlen.com\/index.php\/2017\/06\/26\/nouvel-atelier-bruitage-dhistoire\/\" \/>\n<meta property=\"og:locale\" content=\"fr_FR\" \/>\n<meta property=\"og:type\" content=\"article\" \/>\n<meta property=\"og:title\" content=\"Nouvelle d\u00e9clinaison de notre atelier : le bruitage d&#039;histoire ! - Fabrik ta chanson\" \/>\n<meta property=\"og:description\" content=\"Dans la continuit\u00e9 de notre atelier \u00ab\u00a0Fabrik ta chanson\u00a0\u00bb, nous proposons d\u00e9sormais un atelier \u00ab\u00a0Bruitage d&rsquo;Histoire\u00a0\u00bb sur une journ\u00e9e en duo. IMAGINEZ UNE HISTOIRE, LA DESSINER, L&rsquo;ENREGISTRER ET LA BRUITER [&hellip;]\" \/>\n<meta property=\"og:url\" content=\"http:\/\/fabriktachanson.samverlen.com\/index.php\/2017\/06\/26\/nouvel-atelier-bruitage-dhistoire\/\" \/>\n<meta property=\"og:site_name\" content=\"Fabrik ta chanson\" \/>\n<meta property=\"article:published_time\" content=\"2017-06-26T16:21:23+00:00\" \/>\n<meta property=\"article:modified_time\" content=\"2018-06-18T11:39:33+00:00\" \/>\n<meta property=\"og:image\" content=\"https:\/\/fabriktachanson.samverlen.com\/wp-content\/uploads\/2017\/06\/OgreEtPrince.jpg\" \/>\n\t<meta property=\"og:image:width\" content=\"536\" \/>\n\t<meta property=\"og:image:height\" content=\"306\" \/>\n<meta name=\"twitter:card\" content=\"summary\" \/>\n<meta name=\"twitter:label1\" value=\"\u00c9crit par\">\n\t<meta name=\"twitter:data1\" value=\"ftc\">\n\t<meta name=\"twitter:label2\" value=\"Dur\u00e9e de lecture est.\">\n\t<meta name=\"twitter:data2\" value=\"1 minute\">\n<script type=\"application\/ld+json\" class=\"yoast-schema-graph\">{\"@context\":\"https:\/\/schema.org\",\"@graph\":[{\"@type\":\"WebSite\",\"@id\":\"https:\/\/fabriktachanson.samverlen.com\/#website\",\"url\":\"https:\/\/fabriktachanson.samverlen.com\/\",\"name\":\"Fabrik ta chanson\",\"description\":\"Atelier de cr\\u00e9ation et enregistrement de chanson en une journ\\u00e9e !\",\"potentialAction\":[{\"@type\":\"SearchAction\",\"target\":\"https:\/\/fabriktachanson.samverlen.com\/?s={search_term_string}\",\"query-input\":\"required name=search_term_string\"}],\"inLanguage\":\"fr-FR\"},{\"@type\":\"ImageObject\",\"@id\":\"http:\/\/fabriktachanson.samverlen.com\/index.php\/2017\/06\/26\/nouvel-atelier-bruitage-dhistoire\/#primaryimage\",\"inLanguage\":\"fr-FR\",\"url\":\"https:\/\/fabriktachanson.samverlen.com\/wp-content\/uploads\/2017\/06\/OgreEtPrince.jpg\",\"width\":536,\"height\":306},{\"@type\":\"WebPage\",\"@id\":\"http:\/\/fabriktachanson.samverlen.com\/index.php\/2017\/06\/26\/nouvel-atelier-bruitage-dhistoire\/#webpage\",\"url\":\"http:\/\/fabriktachanson.samverlen.com\/index.php\/2017\/06\/26\/nouvel-atelier-bruitage-dhistoire\/\",\"name\":\"Nouvelle d\\u00e9clinaison de notre atelier : le bruitage d'histoire ! - Fabrik ta chanson\",\"isPartOf\":{\"@id\":\"https:\/\/fabriktachanson.samverlen.com\/#website\"},\"primaryImageOfPage\":{\"@id\":\"http:\/\/fabriktachanson.samverlen.com\/index.php\/2017\/06\/26\/nouvel-atelier-bruitage-dhistoire\/#primaryimage\"},\"datePublished\":\"2017-06-26T16:21:23+00:00\",\"dateModified\":\"2018-06-18T11:39:33+00:00\",\"author\":{\"@id\":\"https:\/\/fabriktachanson.samverlen.com\/#\/schema\/person\/246d4a5e635641b5278fb797b3cdf0ed\"},\"inLanguage\":\"fr-FR\",\"potentialAction\":[{\"@type\":\"ReadAction\",\"target\":[\"http:\/\/fabriktachanson.samverlen.com\/index.php\/2017\/06\/26\/nouvel-atelier-bruitage-dhistoire\/\"]}]},{\"@type\":\"Person\",\"@id\":\"https:\/\/fabriktachanson.samverlen.com\/#\/schema\/person\/246d4a5e635641b5278fb797b3cdf0ed\",\"name\":\"ftc\",\"image\":{\"@type\":\"ImageObject\",\"@id\":\"https:\/\/fabriktachanson.samverlen.com\/#personlogo\",\"inLanguage\":\"fr-FR\",\"url\":\"https:\/\/secure.gravatar.com\/avatar\/af54d6236c6b00cf611621b52fe5fb9f?s=96&d=mm&r=g\",\"caption\":\"ftc\"},\"sameAs\":[\"http:\/\/www.fabriktachanson.fr\"]}]}<\/script>\n<!-- \/ Yoast SEO plugin. -->","_links":{"self":[{"href":"https:\/\/fabriktachanson.samverlen.com\/index.php\/wp-json\/wp\/v2\/posts\/189"}],"collection":[{"href":"https:\/\/fabriktachanson.samverlen.com\/index.php\/wp-json\/wp\/v2\/posts"}],"about":[{"href":"https:\/\/fabriktachanson.samverlen.com\/index.php\/wp-json\/wp\/v2\/types\/post"}],"author":[{"embeddable":true,"href":"https:\/\/fabriktachanson.samverlen.com\/index.php\/wp-json\/wp\/v2\/users\/1"}],"replies":[{"embeddable":true,"href":"https:\/\/fabriktachanson.samverlen.com\/index.php\/wp-json\/wp\/v2\/comments?post=189"}],"version-history":[{"count":4,"href":"https:\/\/fabriktachanson.samverlen.com\/index.php\/wp-json\/wp\/v2\/posts\/189\/revisions"}],"predecessor-version":[{"id":194,"href":"https:\/\/fabriktachanson.samverlen.com\/index.php\/wp-json\/wp\/v2\/posts\/189\/revisions\/194"}],"wp:featuredmedia":[{"embeddable":true,"href":"https:\/\/fabriktachanson.samverlen.com\/index.php\/wp-json\/wp\/v2\/media\/292"}],"wp:attachment":[{"href":"https:\/\/fabriktachanson.samverlen.com\/index.php\/wp-json\/wp\/v2\/media?parent=189"}],"wp:term":[{"taxonomy":"category","embeddable":true,"href":"https:\/\/fabriktachanson.samverlen.com\/index.php\/wp-json\/wp\/v2\/categories?post=189"},{"taxonomy":"post_tag","embeddable":true,"href":"https:\/\/fabriktachanson.samverlen.com\/index.php\/wp-json\/wp\/v2\/tags?post=189"}],"curies":[{"name":"wp","href":"https:\/\/api.w.org\/{rel}","templated":true}]}}